{"id":1022,"date":"2017-06-05T12:16:34","date_gmt":"2017-06-05T12:16:34","guid":{"rendered":"http:\/\/evcomunicacao.com.br\/blog\/?p=1022"},"modified":"2017-06-05T13:20:19","modified_gmt":"2017-06-05T13:20:19","slug":"como-ev-vai-te-ajudar-melhorar-seu-posicionamento-no-mercado","status":"publish","type":"post","link":"http:\/\/evcomunicacao.com.br\/blog\/como-ev-vai-te-ajudar-melhorar-seu-posicionamento-no-mercado\/","title":{"rendered":"Como a EV vai te ajudar a melhorar seu posicionamento no mercado"},"content":{"rendered":"<p>N\u00e3o sabemos se voc\u00ea acessou este texto ap\u00f3s se deparar com ele no feed do Facebook, ou se caiu aqui atrav\u00e9s do Google. Bem, independente de onde voc\u00ea veio, n\u00f3s precisamos te mostrar para onde voc\u00ea vai.<\/p>\n<p>Se voc\u00ea quer descobrir como alavancar seus resultados de neg\u00f3cios na internet, n\u00e3o feche essa leitura antes de descobrir o que vamos revelar a voc\u00ea. Talvez seja isso que falte para sua empresa crescer ainda mais.<\/p>\n<p>Voc\u00ea est\u00e1 pronto? Ent\u00e3o vamos em frente!<\/p>\n<h1>Estamos falando de posicionamento de marca<\/h1>\n<p>Como j\u00e1 explicamos aqui no blog, para que um neg\u00f3cio conquiste seu espa\u00e7o no mercado, \u00e9 essencial que ele tenha um produto, servi\u00e7o ou ideia que traduza claramente aquilo que a empresa representa, al\u00e9m de transmitir seu diferencial em rela\u00e7\u00e3o aos concorrentes.<\/p>\n<p>Para que isso aconte\u00e7a, \u00e9 necess\u00e1rio desenvolver m\u00e9todos para criar e fortalecer a imagem, incorporando as qualidades que enfatizem a rela\u00e7\u00e3o dela com os consumidores. \u00c9 a\u00ed que entra em cena o posicionamento de marca, ou, posicionamento de mercado.<\/p>\n<p>Um bom posicionamento parte da cultura interna da empresa, dos valores, objetivos e do relacionamento que cria com seus clientes. A marca e seu posicionamento est\u00e3o inteiramente ligados \u00e0quilo que a empresa realmente \u00e9.<\/p>\n<p>Da\u00ed voc\u00ea pode questionar: Legal, mas n\u00e3o fa\u00e7o a m\u00ednima ideia de como conseguir isso. O que eu devo fazer? Fique tranquilo, pois \u00e9 justamente isso que vamos te mostrar agora!<\/p>\n<h1>Construa uma boa parceria<\/h1>\n<p>Da mesma forma que voc\u00ea contrata um contador ou uma empresa de contabilidade para cuidar do seu financeiro, voc\u00ea precisa contar com uma empresa para cuidar do seu marketing. Afinal, sem marketing n\u00e3o h\u00e1 vendas, e claro, n\u00e3o h\u00e1 financeiro.<\/p>\n<p>O conselho que sempre damos aos nossos clientes \u00e9 que contem com bons parceiros para desenvolver um planejamento efetivo de marketing. Para que o seu neg\u00f3cio chegue longe, \u00e9 essencial contar com uma equipe de profissionais capazes de planejar e preparar sua marca para enfrentar a concorr\u00eancia.<\/p>\n<p>A <a href=\"http:\/\/evcomunicacao.com.br\/fale-conosco\/\" target=\"_blank\" rel=\"noopener noreferrer\">EV Comunica\u00e7\u00e3o<\/a> tem 11 anos de experi\u00eancia no posicionamento de marcas. Trabalhamos com a comunica\u00e7\u00e3o integrada, permitindo que sua empresa transmita o real valor da marca de forma estrat\u00e9gica, diferenciada e impactante.<\/p>\n<p>Durante o processo, estudamos os melhores pontos de contato para permitir o relacionamento entre sua marca e o p\u00fablico-alvo. O planejamento \u00e9 elaborado de forma cuidadosa e coerente com os objetivos do neg\u00f3cio.<\/p>\n<p>Podemos citar um exemplo de empresa que apostou nessa parceria&#8230;<\/p>\n<h1>A Aquarela M\u00f3veis de Alto Padr\u00e3o<\/h1>\n<p><a href=\"http:\/\/aquarelamoveis.com.br\/\" target=\"_blank\" rel=\"noopener noreferrer\"><img decoding=\"async\" loading=\"lazy\" class=\"aligncenter wp-image-1023 size-full\" src=\"http:\/\/evcomunicacao.com.br\/blog\/wp-content\/uploads\/2017\/06\/post-blog_campanhas_ev-comunicao.png\" alt=\"\" width=\"800\" height=\"488\" srcset=\"https:\/\/evcomunicacao.com.br\/blog\/wp-content\/uploads\/2017\/06\/post-blog_campanhas_ev-comunicao.png 800w, https:\/\/evcomunicacao.com.br\/blog\/wp-content\/uploads\/2017\/06\/post-blog_campanhas_ev-comunicao-300x183.png 300w, https:\/\/evcomunicacao.com.br\/blog\/wp-content\/uploads\/2017\/06\/post-blog_campanhas_ev-comunicao-768x468.png 768w, https:\/\/evcomunicacao.com.br\/blog\/wp-content\/uploads\/2017\/06\/post-blog_campanhas_ev-comunicao-250x153.png 250w\" sizes=\"(max-width: 800px) 100vw, 800px\" \/><\/a><\/p>\n<p>A Aquarela M\u00f3veis \u00e9 uma empresa que est\u00e1 no mercado h\u00e1 mais de 20 anos. O foco da organiza\u00e7\u00e3o \u00e9 fabricar m\u00f3veis personalizados ao estilo de cada um, seja para ambientes mais requintados ou espa\u00e7os simples.<\/p>\n<p>A EV tem sido respons\u00e1vel por toda a comunica\u00e7\u00e3o da Aquarela, inclusive pelo posicionamento de marca: uma loja de m\u00f3veis sob medida de alto padr\u00e3o. Al\u00e9m do <a href=\"http:\/\/aquarelamoveis.com.br\" target=\"_blank\" rel=\"noopener noreferrer\">website<\/a>, n\u00f3s trabalhamos para otimizar a maneira da empresa se comunicar com seus clientes nos diversos canais online.<\/p>\n<p>Dessa forma, a Aquarela M\u00f3veis pode continuar fazendo o que sabe fazer de melhor: fabricar m\u00f3veis de alt\u00edssima qualidade para seus clientes, enquanto n\u00f3s garantimos que ela atraia e conquiste mais consumidores na internet.<\/p>\n<p>Voc\u00ea pode seguir o exemplo da Aquarela e agendar uma conversa conosco. Para isso,<a href=\"http:\/\/evcomunicacao.com.br\/fale-conosco\/\" target=\"_blank\" rel=\"noopener noreferrer\"> basta acessar este link!<\/a><\/p>\n","protected":false},"excerpt":{"rendered":"<p>N\u00e3o sabemos se voc\u00ea acessou este texto ap\u00f3s se deparar com ele no feed do Facebook, ou se caiu aqui atrav\u00e9s do Google. Bem, independente de onde voc\u00ea veio, n\u00f3s precisamos te mostrar para onde voc\u00ea vai. Se voc\u00ea quer [&hellip;]<\/p>\n","protected":false},"author":1,"featured_media":1024,"comment_status":"open","ping_status":"open","sticky":false,"template":"","format":"standard","meta":[],"categories":[5],"tags":[175,17,58,109],"_links":{"self":[{"href":"https:\/\/evcomunicacao.com.br\/blog\/wp-json\/wp\/v2\/posts\/1022"}],"collection":[{"href":"https:\/\/evcomunicacao.com.br\/blog\/wp-json\/wp\/v2\/posts"}],"about":[{"href":"https:\/\/evcomunicacao.com.br\/blog\/wp-json\/wp\/v2\/types\/post"}],"author":[{"embeddable":true,"href":"https:\/\/evcomunicacao.com.br\/blog\/wp-json\/wp\/v2\/users\/1"}],"replies":[{"embeddable":true,"href":"https:\/\/evcomunicacao.com.br\/blog\/wp-json\/wp\/v2\/comments?post=1022"}],"version-history":[{"count":2,"href":"https:\/\/evcomunicacao.com.br\/blog\/wp-json\/wp\/v2\/posts\/1022\/revisions"}],"predecessor-version":[{"id":1026,"href":"https:\/\/evcomunicacao.com.br\/blog\/wp-json\/wp\/v2\/posts\/1022\/revisions\/1026"}],"wp:featuredmedia":[{"embeddable":true,"href":"https:\/\/evcomunicacao.com.br\/blog\/wp-json\/wp\/v2\/media\/1024"}],"wp:attachment":[{"href":"https:\/\/evcomunicacao.com.br\/blog\/wp-json\/wp\/v2\/media?parent=1022"}],"wp:term":[{"taxonomy":"category","embeddable":true,"href":"https:\/\/evcomunicacao.com.br\/blog\/wp-json\/wp\/v2\/categories?post=1022"},{"taxonomy":"post_tag","embeddable":true,"href":"https:\/\/evcomunicacao.com.br\/blog\/wp-json\/wp\/v2\/tags?post=1022"}],"curies":[{"name":"wp","href":"https:\/\/api.w.org\/{rel}","templated":true}]}}