{"id":104,"date":"2015-06-30T11:30:21","date_gmt":"2015-06-30T11:30:21","guid":{"rendered":"http:\/\/evcomunicacao.com.br\/blog\/?p=104"},"modified":"2016-11-16T18:48:42","modified_gmt":"2016-11-16T18:48:42","slug":"por-que-utilizar-uma-midia-social-para-meu-negocio","status":"publish","type":"post","link":"http:\/\/evcomunicacao.com.br\/blog\/por-que-utilizar-uma-midia-social-para-meu-negocio\/","title":{"rendered":"Por que utilizar uma m\u00eddia social para meu neg\u00f3cio?"},"content":{"rendered":"<p>Em um mundo em que as pessoas est\u00e3o cada vez mais conectadas, a presen\u00e7a de uma marca em uma m\u00eddia\u00a0social faz-se necess\u00e1ria. Uma empresa que n\u00e3o est\u00e1 presente neste meio, certamente passar\u00e1 despercebida.<\/p>\n<p>As m\u00eddias\u00a0sociais, hoje, s\u00e3o os sites mais acessados no mundo e representam em m\u00e9dia 75% dos acessos di\u00e1rios dos brasileiros. Tendo isto, investir em perfis corporativos como ferramenta de marketing e divulga\u00e7\u00e3o da marca \u00e9 indispens\u00e1vel.<\/p>\n<p>Pesquisas apontam que empresas que utilizam as m\u00eddias\u00a0sociais para promover o seu neg\u00f3cio, apresentam melhores resultados em seus lucros, al\u00e9m do reconhecimento e populariza\u00e7\u00e3o da marca. Por\u00e9m, para que uma marca atinja efetivamente o seu p\u00fablico-alvo neste meio digital, a primeira coisa a se fazer \u00e9 identificar <a href=\"http:\/\/evcomunicacao.com.br\/blog\/como-as-redes-sociais-podem-ajudar-nas-vendas\/\" target=\"_blank\">qual a m\u00eddia social mais indicada para o seu neg\u00f3cio<\/a>.<\/p>\n<p>Uma marca que investe em m\u00eddias sociais adquire um bom posicionamento, visto que isto \u00e9 algo essencial para qualquer marca. As redes sociais permitem uma intera\u00e7\u00e3o maior com o cliente (ouvir e responder); captar e fidelizar clientes; contornar situa\u00e7\u00f5es adversas; divulgar suas campanhas, promo\u00e7\u00f5es, produtos e servi\u00e7os.<\/p>\n<p>A intera\u00e7\u00e3o com o p\u00fablico se d\u00e1 atrav\u00e9s de coment\u00e1rios e mensagens diretas. As empresas podem manter o relacionamento direto, sanando d\u00favidas e esclarecendo informa\u00e7\u00f5es sempre que necess\u00e1rio. Isto facilita a comunica\u00e7\u00e3o e a segmenta\u00e7\u00e3o, permite ganhar a confian\u00e7a do p\u00fablico e conhecer melhor as necessidades dos clientes, de modo a aperfei\u00e7oar seus servi\u00e7os e produtos, al\u00e9m de adquirir um posicionamento positivo e fidelizar clientes.<\/p>\n<p>Al\u00e9m do engajamento com o p\u00fablico atrav\u00e9s de mensagens, as m\u00eddias\u00a0sociais permitem anunciar, fazendo com que os an\u00fancios cheguem a um grande n\u00famero de pessoas, garantindo que a marca esteja sempre pr\u00f3ximo ao p\u00fablico-alvo, sendo lembrada e reconhecida.<\/p>\n<p>\u00c9 importante considerar que a publicidade tamb\u00e9m acontece via boca a boca no meio digital e avalia\u00e7\u00f5es negativas possuem uma repercuss\u00e3o bem maior do que as positivas; apenas uma reclama\u00e7\u00e3o pode impactar milhares de pessoas. Contudo, do mesmo modo as redes sociais permitem construir a boa imagem da marca e contornar essas situa\u00e7\u00f5es adversas.<\/p>\n<p>Por\u00e9m, n\u00e3o basta criar um perfil corporativo sem planejamento, pois o risco de fazer mal feito pode prejudicar a sua marca e oportunidades de neg\u00f3cio ser\u00e3o perdidas. Este deve ser alimentado de forma correta, necessita de uma estrat\u00e9gia, frequ\u00eancia de postagens e constante intera\u00e7\u00e3o com o p\u00fablico. O indicado para conseguir um bom resultado com as m\u00eddias sociais \u00e9 <a href=\"http:\/\/evcomunicacao.com.br\/blog\/por-que-contratar-uma-agencia-para-gerenciar-a-imagem-da-minha-empresa-nas-midias-sociais\/\" target=\"_blank\">contratar uma empresa especializada em Marketing Digital<\/a> para manter a divulga\u00e7\u00e3o da sua marca. Sem um objetivo claro, voc\u00ea poder\u00e1 estar investindo em algo que n\u00e3o ir\u00e1 trazer retorno.<\/p>\n<p>&nbsp;<\/p>\n<h2>Saiba mais:<\/h2>\n<p><a href=\"http:\/\/conteudo.evcomunicacao.com.br\/manual-para-gerenciamento-de-fan-page\" target=\"_blank\"><img decoding=\"async\" loading=\"lazy\" class=\"aligncenter wp-image-703 size-full\" src=\"http:\/\/evcomunicacao.com.br\/blog\/wp-content\/uploads\/2016\/11\/conteudos-ricos-para-textos-no-blog-3_ev_manualfanpage.png\" alt=\"conteudos-ricos-para-textos-no-blog-3_ev_manualfanpage\" width=\"715\" height=\"220\" srcset=\"https:\/\/evcomunicacao.com.br\/blog\/wp-content\/uploads\/2016\/11\/conteudos-ricos-para-textos-no-blog-3_ev_manualfanpage.png 715w, https:\/\/evcomunicacao.com.br\/blog\/wp-content\/uploads\/2016\/11\/conteudos-ricos-para-textos-no-blog-3_ev_manualfanpage-300x92.png 300w, https:\/\/evcomunicacao.com.br\/blog\/wp-content\/uploads\/2016\/11\/conteudos-ricos-para-textos-no-blog-3_ev_manualfanpage-250x77.png 250w\" sizes=\"(max-width: 715px) 100vw, 715px\" \/><\/a><\/p>\n","protected":false},"excerpt":{"rendered":"<p>Em um mundo em que as pessoas est\u00e3o cada vez mais conectadas, a presen\u00e7a de uma marca em uma m\u00eddia\u00a0social faz-se necess\u00e1ria. Uma empresa que n\u00e3o est\u00e1 presente neste meio, certamente passar\u00e1 despercebida. As m\u00eddias\u00a0sociais, hoje, s\u00e3o os sites mais [&hellip;]<\/p>\n","protected":false},"author":1,"featured_media":106,"comment_status":"open","ping_status":"open","sticky":false,"template":"","format":"standard","meta":[],"categories":[10],"tags":[15,13,14,26,25,24,27,18,20,28,23],"_links":{"self":[{"href":"https:\/\/evcomunicacao.com.br\/blog\/wp-json\/wp\/v2\/posts\/104"}],"collection":[{"href":"https:\/\/evcomunicacao.com.br\/blog\/wp-json\/wp\/v2\/posts"}],"about":[{"href":"https:\/\/evcomunicacao.com.br\/blog\/wp-json\/wp\/v2\/types\/post"}],"author":[{"embeddable":true,"href":"https:\/\/evcomunicacao.com.br\/blog\/wp-json\/wp\/v2\/users\/1"}],"replies":[{"embeddable":true,"href":"https:\/\/evcomunicacao.com.br\/blog\/wp-json\/wp\/v2\/comments?post=104"}],"version-history":[{"count":6,"href":"https:\/\/evcomunicacao.com.br\/blog\/wp-json\/wp\/v2\/posts\/104\/revisions"}],"predecessor-version":[{"id":794,"href":"https:\/\/evcomunicacao.com.br\/blog\/wp-json\/wp\/v2\/posts\/104\/revisions\/794"}],"wp:featuredmedia":[{"embeddable":true,"href":"https:\/\/evcomunicacao.com.br\/blog\/wp-json\/wp\/v2\/media\/106"}],"wp:attachment":[{"href":"https:\/\/evcomunicacao.com.br\/blog\/wp-json\/wp\/v2\/media?parent=104"}],"wp:term":[{"taxonomy":"category","embeddable":true,"href":"https:\/\/evcomunicacao.com.br\/blog\/wp-json\/wp\/v2\/categories?post=104"},{"taxonomy":"post_tag","embeddable":true,"href":"https:\/\/evcomunicacao.com.br\/blog\/wp-json\/wp\/v2\/tags?post=104"}],"curies":[{"name":"wp","href":"https:\/\/api.w.org\/{rel}","templated":true}]}}