{"id":1521,"date":"2022-02-25T16:37:44","date_gmt":"2022-02-25T16:37:44","guid":{"rendered":"http:\/\/evcomunicacao.com.br\/blog\/?p=1521"},"modified":"2022-02-25T16:37:47","modified_gmt":"2022-02-25T16:37:47","slug":"tudo-o-que-voce-precisa-saber-sobre-lgpd","status":"publish","type":"post","link":"http:\/\/evcomunicacao.com.br\/blog\/tudo-o-que-voce-precisa-saber-sobre-lgpd\/","title":{"rendered":"Tudo o que voc\u00ea precisa saber sobre LGPD!"},"content":{"rendered":"\n<p>N\u00e3o \u00e9 novidade que estamos em meio a readequa\u00e7\u00e3o das novas normas de prote\u00e7\u00e3o aos dados pessoais na internet. Aqui na ag\u00eancia, nossos clientes j\u00e1 est\u00e3o dentro das normas e entendem o quanto \u00e9 necess\u00e1rio.<\/p>\n\n\n\n<p>Voc\u00ea sabe o que \u00e9 e como funciona esta lei? Ainda n\u00e3o? Ent\u00e3o siga a leitura e descubra.&nbsp;<\/p>\n\n\n\n<h2><strong>Para come\u00e7ar, voc\u00ea conhece a LGPD?<\/strong><\/h2>\n\n\n\n<p>A Lei Geral de Prote\u00e7\u00e3o de Dados Pessoais (LGPD) <strong>estabelece diretrizes importantes e obrigat\u00f3rias para a coleta, processamento e armazenamento de dados pessoais<\/strong>. Ela foi inspirada na lei criada na Uni\u00e3o Europeia em 2018, conhecida como GDPR (General Data Protection Regulation).<\/p>\n\n\n\n<p>Diante dos recentes casos de uso indevido, comercializa\u00e7\u00e3o e vazamento de dados pessoais, as novas regras garantem a privacidade dos brasileiros, devendo ser aplicadas para todas as empresas que atuam no territ\u00f3rio nacional. Ao entrar em vigor dia 18 de setembro de 2020, a Lei n\u00ba 13.709, ela tem como base alguns valores e objetivos, sendo eles:<\/p>\n\n\n\n<ul><li>Assegurar o direito \u00e0 <strong>privacidade<\/strong> e \u00e0 <strong>prote\u00e7\u00e3o<\/strong> de dados pessoais dos usu\u00e1rios, por meio de pr\u00e1ticas transparentes e seguras, garantindo direitos fundamentais.<\/li><li>Estabelecer <strong>regras<\/strong> <strong>claras<\/strong> sobre o tratamento de dados pessoais.<\/li><li><strong>Fortalecer a seguran\u00e7a<\/strong> das rela\u00e7\u00f5es jur\u00eddicas e a confian\u00e7a do titular no tratamento de dados pessoais, garantindo a livre iniciativa, a livre concorr\u00eancia e a defesa das rela\u00e7\u00f5es comerciais e de consumo.<\/li><li><strong>Promover a concorr\u00eancia e a livre atividade econ\u00f4mica<\/strong>, inclusive com portabilidade de dados.<\/li><\/ul>\n\n\n\n<p>Para entender de vez como essa lei funciona no dia a dia da sua empresa, nosso time explica:<\/p>\n\n\n\n<h3><strong>Dentro deste universo existem 4 figuras b\u00e1sicas:<\/strong><\/h3>\n\n\n\n<ul><li><strong>Dado<\/strong>: a informa\u00e7\u00e3o de algu\u00e9m.<\/li><li><strong>Titular do dado<\/strong>: a quem a informa\u00e7\u00e3o se refere.<\/li><li><strong>Controlador dos dados<\/strong>: quem vai decidir o que ser\u00e1 feito com estes dados.<\/li><li><strong>Operador dos dados<\/strong>: quem vai fazer na pratica o que o controlador decidiu fazer sobre os dados.<\/li><\/ul>\n\n\n\n<p>Estas figuras s\u00e3o muito comuns no nosso dia a dia, pois estamos manuseando dados o tempo todo. Mas voc\u00ea deve estar se perguntando: Ser\u00e1 que minha empresa tamb\u00e9m manuseia dados? A resposta \u00e9 <strong>sim!<\/strong> No momento em que realiza o registro dos seus colaboradores, quando \u00e9 feito o cadastro dos seus clientes, e em diversas outras situa\u00e7\u00f5es do dia a dia que voc\u00ea acaba coleando informa\u00e7\u00f5es pessoais.<\/p>\n\n\n\n<p>&nbsp;Caso sua empresa n\u00e3o se adeque a esta lei, poder\u00e1 sofrer penalidades s\u00e9rias. Quem realizar\u00e1 a fiscaliza\u00e7\u00e3o \u00e9 um \u00f3rg\u00e3o federal chamado Autoridade Nacional de Prote\u00e7\u00e3o de Dados, mais conhecida como ANPD.<\/p>\n\n\n\n<p>Mas afinal de tudo isso, <strong>o que \u00e9 o tratamento de dados propriamente dito?<\/strong><\/p>\n\n\n\n<p>A partir do momento em que o dado de um titular \u00e9 coletado, se d\u00e1 in\u00edcio ao ciclo de tratamento. Este ciclo ocorre em fases, variando a quantidade de etapas de acordo com o tipo de dado.<\/p>\n\n\n\n<p>A primeira etapa \u00e9 a coleta de dados &#8211; quando a informa\u00e7\u00e3o \u00e9 cadastrada dentro do seu banco de dados, passando a ser SUA responsabilidade! Este cadastro pode vir de diversas formas, como por exemplo atrav\u00e9s de um contrato de trabalho, cadastro no e-commerce, parceria vinda de outra empresa, entre outros.<\/p>\n\n\n\n<p>A segunda etapa se resume em analisar e classificar os dados para receber o tratamento de acordo com a sua classifica\u00e7\u00e3o. Depois de classifica-la, finalmente voc\u00ea poder\u00e1 usar os dados coletados para a finalidade autorizada e desejada.<\/p>\n\n\n\n<p>A \u00faltima etapa, mas n\u00e3o mesmos importante \u00e9 a da exclus\u00e3o dos dados. Depois de us\u00e1-los, eles precisam ter um destino, seja ele a exclus\u00e3o ou para reutiliza\u00e7\u00e3o. E agora sim, fim!<\/p>\n\n\n\n<p>Para refor\u00e7ar, estas etapas precisam ser respeitadas dentro da lei, para que caso questionada, sua empresa esteja em conformidade com tudo. Uma quest\u00e3o muito importante \u00e9 que o titular dos dados precisa estar ciente de tudo o que ser\u00e1 feito nas etapas do tratamento. Voc\u00ea precisa explicar com <strong>clareza<\/strong> o que ir\u00e1 fazer com os dados coletados, e pedir uma confirma\u00e7\u00e3o concreta, onde indicamos que seja feito por escrito ou atrav\u00e9s de um pop up com bot\u00f5es no seu site.<\/p>\n\n\n\n<p>Assim como qualquer lei, ela precisa ser cumprida com excel\u00eancia para que n\u00e3o sofra consequ\u00eancias graves envolvendo multas alt\u00edssimas. Como aqui na EV Comunica\u00e7\u00e3o somos especialistas no posicionamento de marcas para o mercado e ambiente digital, j\u00e1 estamos por dentro de tudo e em conformidade com todas as exig\u00eancias desta lei t\u00e3o importante na \u00e1rea do marketing. Ent\u00e3o, caso voc\u00ea tenha ficado com alguma d\u00favida sobre o assunto, entre em contato com o nosso time!&nbsp;<\/p>\n","protected":false},"excerpt":{"rendered":"<p>N\u00e3o \u00e9 novidade que estamos em meio a readequa\u00e7\u00e3o das novas normas de prote\u00e7\u00e3o aos dados pessoais na internet. Aqui na ag\u00eancia, nossos clientes j\u00e1 est\u00e3o dentro das normas e entendem o quanto \u00e9 necess\u00e1rio. Voc\u00ea sabe o que \u00e9 [&hellip;]<\/p>\n","protected":false},"author":1,"featured_media":1522,"comment_status":"open","ping_status":"open","sticky":false,"template":"","format":"standard","meta":[],"categories":[6,112],"tags":[213,212,214,215],"_links":{"self":[{"href":"https:\/\/evcomunicacao.com.br\/blog\/wp-json\/wp\/v2\/posts\/1521"}],"collection":[{"href":"https:\/\/evcomunicacao.com.br\/blog\/wp-json\/wp\/v2\/posts"}],"about":[{"href":"https:\/\/evcomunicacao.com.br\/blog\/wp-json\/wp\/v2\/types\/post"}],"author":[{"embeddable":true,"href":"https:\/\/evcomunicacao.com.br\/blog\/wp-json\/wp\/v2\/users\/1"}],"replies":[{"embeddable":true,"href":"https:\/\/evcomunicacao.com.br\/blog\/wp-json\/wp\/v2\/comments?post=1521"}],"version-history":[{"count":1,"href":"https:\/\/evcomunicacao.com.br\/blog\/wp-json\/wp\/v2\/posts\/1521\/revisions"}],"predecessor-version":[{"id":1523,"href":"https:\/\/evcomunicacao.com.br\/blog\/wp-json\/wp\/v2\/posts\/1521\/revisions\/1523"}],"wp:featuredmedia":[{"embeddable":true,"href":"https:\/\/evcomunicacao.com.br\/blog\/wp-json\/wp\/v2\/media\/1522"}],"wp:attachment":[{"href":"https:\/\/evcomunicacao.com.br\/blog\/wp-json\/wp\/v2\/media?parent=1521"}],"wp:term":[{"taxonomy":"category","embeddable":true,"href":"https:\/\/evcomunicacao.com.br\/blog\/wp-json\/wp\/v2\/categories?post=1521"},{"taxonomy":"post_tag","embeddable":true,"href":"https:\/\/evcomunicacao.com.br\/blog\/wp-json\/wp\/v2\/tags?post=1521"}],"curies":[{"name":"wp","href":"https:\/\/api.w.org\/{rel}","templated":true}]}}