{"id":1525,"date":"2022-03-21T13:00:19","date_gmt":"2022-03-21T13:00:19","guid":{"rendered":"http:\/\/evcomunicacao.com.br\/blog\/?p=1525"},"modified":"2022-03-21T13:02:57","modified_gmt":"2022-03-21T13:02:57","slug":"reels-diversao-criatividade-e-bons-resultados","status":"publish","type":"post","link":"http:\/\/evcomunicacao.com.br\/blog\/reels-diversao-criatividade-e-bons-resultados\/","title":{"rendered":"REELS: DIVERS\u00c3O, CRIATIVIDADE E BONS RESULTADOS"},"content":{"rendered":"\n<p>Para come\u00e7ar a falar deste tema, eu te pergunto&#8230; voc\u00ea j\u00e1 se flagrou assistindo v\u00eddeos no celular por horas, sem nem perceber o tempo passar? Se sim, continue lendo esse artigo porque ele \u00e9 para voc\u00ea. Se n\u00e3o, leia tamb\u00e9m porque vale muito a pena!<\/p>\n\n\n\n<p>&nbsp;&nbsp;&nbsp;&nbsp;&nbsp;&nbsp;&nbsp;&nbsp;&nbsp;&nbsp;&nbsp;&nbsp;&nbsp;&nbsp; Se existe algu\u00e9m que revolucionou a forma de produzir e consumir conte\u00fados nas m\u00eddias sociais, esse algu\u00e9m \u00e9 o nosso amigo Reels. Ele foi criado como uma ferramenta pr\u00f3pria do Instagram no final de 2019 e estourou em 2020 como um forte concorrente do Tik Tok.<\/p>\n\n\n\n<h3><strong>Mas o que realmente \u00e9 um Reels?<\/strong><\/h3>\n\n\n\n<p>&nbsp;&nbsp;&nbsp;&nbsp;&nbsp;&nbsp;&nbsp;&nbsp;&nbsp;&nbsp;&nbsp;&nbsp;&nbsp;&nbsp; Primeiro precisamos saber que mesmo quando um Reels \u00e9 produzido com fotos, ele se trata de um <a href=\"http:\/\/evcomunicacao.com.br\/blog\/3-motivos-para-utilizar-videos-na-estrategia-digital-da-sua-marca\/\" target=\"_blank\" rel=\"noreferrer noopener\">v\u00eddeo<\/a>, esse \u00e9 o formato principal que o caracteriza. Al\u00e9m disso, a ferramenta, permite que os usu\u00e1rios criem clipes com&nbsp;dura\u00e7\u00e3o m\u00e1xima de 60 segundos&nbsp;e usem diversos&nbsp;filtros, m\u00fasicas&nbsp;e&nbsp;\u00e1udios&nbsp;do app para dar mais dinamismo ao conte\u00fado. O mais legal do Reels \u00e9 que, voc\u00ea pode gravar com a c\u00e2mera do seu celular na hora, ou ainda, resgatar v\u00eddeos e fotos da galeria do seu aparelho. Ou seja, al\u00e9m de din\u00e2mico ele \u00e9 simples, pr\u00e1tico e todo mundo pode fazer.<\/p>\n\n\n\n<p>&nbsp;&nbsp;&nbsp;&nbsp;&nbsp;&nbsp;&nbsp;&nbsp;&nbsp;&nbsp;&nbsp;&nbsp;&nbsp;&nbsp; Agora, se voc\u00ea quer ser fera nessa ferramenta e quer produzir conte\u00fado mais elaborados, com a finalidade de atrair mais p\u00fablico, vender e gerar engajamento, existem outras funcionalidades que voc\u00ea pode explorar, como por exemplo:<\/p>\n\n\n\n<ul><li><strong>Sobreposi\u00e7\u00e3o de imagens:<\/strong> A fun\u00e7\u00e3o alinhar serve para criar transi\u00e7\u00f5es perfeitas entre diferentes v\u00eddeos. Possibilita a troca de cen\u00e1rio ou de elementos sem alterar a base da grava\u00e7\u00e3o, que pode ser uma pessoa, um objeto ou qualquer outro item relevante no contexto do clipe.<\/li><li><strong>Temporizador onde voc\u00ea pode gravar seus v\u00eddeos sem usar as m\u00e3os:<\/strong> Essa ferramenta facilita a produ\u00e7\u00e3o dos 15 segundos, pois contabiliza o tempo a partir do acionamento do bot\u00e3o da c\u00e2mera. Basta que o usu\u00e1rio mantenha-o pressionado para visualizar a contagem regressiva de 3 segundos antes do in\u00edcio da grava\u00e7\u00e3o.<\/li><li><strong>Aumentar ou diminuir a velocidade das imagens e do som:<\/strong> O funcionamento dessa ferramenta \u00e9 simples e tem como finalidade acelerar ou desacelerar os v\u00eddeos. A dica \u00e9 sempre testar diferentes ritmos para determinar quais parecem interessantes a cada proposta, com foco na atra\u00e7\u00e3o dos espectadores.<\/li><\/ul>\n\n\n\n<p>&nbsp;&nbsp;&nbsp;&nbsp;&nbsp;&nbsp;&nbsp;&nbsp;&nbsp;&nbsp;&nbsp;&nbsp;&nbsp;&nbsp; Assim, para criar e publicar seu v\u00eddeo, \u00e9 s\u00f3 acessar o aplicativo do Instagram e clicar na op\u00e7\u00e3o criar postagem, que fica na parte de cima do ao lado das notifica\u00e7\u00f5es. Aproveite para se divertir e usar toda sua criatividade.<\/p>\n\n\n\n<h3><strong>Import\u00e2ncia do Reels para o seu neg\u00f3cio<\/strong><\/h3>\n\n\n\n<p>&nbsp;&nbsp;&nbsp;&nbsp;&nbsp;&nbsp;&nbsp;&nbsp;&nbsp;&nbsp;&nbsp;&nbsp;&nbsp;&nbsp; Sua empresa se preocupa em variar o tipo de conte\u00fado que&nbsp;<a href=\"http:\/\/evcomunicacao.com.br\/blog\/redes-sociais-onde-seu-negocio-precisa-estar-no-ambiente-digital\/\" target=\"_blank\" rel=\"noreferrer noopener\">publica nas redes sociais<\/a>&nbsp;? No Instagram muitas vezes, apostar em diferentes formatos ou estilos pode ser a chave para estreitar a rela\u00e7\u00e3o com o p\u00fablico-alvo e cativ\u00e1-lo. E isso voc\u00ea consegue, com o uso do Instagram Reels.<\/p>\n\n\n\n<p>&nbsp;&nbsp;&nbsp;&nbsp;&nbsp;&nbsp;&nbsp;&nbsp;&nbsp;&nbsp;&nbsp;&nbsp;&nbsp;&nbsp; Para confirmar essa afirma\u00e7\u00e3o, trouxemos algumas estat\u00edsticas da <a href=\"https:\/\/www.websiterating.com\/pt\/research\/instagram-statistics\/#:~:text=Instagram%20continua%20a%20crescer%20como,que%20qualquer%20outra%20plataforma%20social.\" target=\"_blank\" rel=\"noreferrer noopener\">Equipe WSR<\/a> dados, que em pesquisa constatou que, \u201co Instagram&nbsp;continua a crescer como uma das plataformas de m\u00eddia social mais populares em todas as idades, locais e marcas. Ele tem uma enorme base de usu\u00e1rios e possui taxas de engajamento por postagem mais altas do que qualquer outra plataforma social\u201d A equipe apurou os seguintes dados:<\/p>\n\n\n\n<ul><li>Mais de 60% dos usu\u00e1rios acessam o Instagram diariamente;<\/li><li>&nbsp;O Instagram possui 500 milh\u00f5es de usu\u00e1rios ativos di\u00e1rios;<\/li><li>80%&nbsp;dos usu\u00e1rios do Instagram dizem que compraram um produto que viram no aplicativo;<\/li><li>Tem&nbsp;500 milh\u00f5es de hist\u00f3rias do Instagram todos os dias&nbsp;e um ter\u00e7o dos mais vistos s\u00e3o criados por empresas.<\/li><\/ul>\n\n\n\n<p>&nbsp;&nbsp;&nbsp;&nbsp;&nbsp;&nbsp;&nbsp;&nbsp;&nbsp;&nbsp;&nbsp;&nbsp;&nbsp;&nbsp; Se voc\u00ea chegou at\u00e9 aqui e ainda n\u00e3o se perguntou \u2013 Como fa\u00e7o para utilizar essa ferramenta em prol do meu neg\u00f3cio? \u2013 Est\u00e1 na hora de aderir a essa tend\u00eancia e colocar suas ideias em a\u00e7\u00e3o, afinal, o segredo para voc\u00ea obter bons resultados e se diferenciar em meio a tanto conte\u00fado, \u00e9 fazer, testar e acompanhar os resultados.<\/p>\n\n\n\n<p>&nbsp;&nbsp;&nbsp;&nbsp;&nbsp;&nbsp;&nbsp;&nbsp;&nbsp;&nbsp;&nbsp;&nbsp;&nbsp;&nbsp; Agora que voc\u00ea j\u00e1 sabe a import\u00e2ncia da cria\u00e7\u00e3o de v\u00eddeos curtos com o Reels do Instagram, \u00e9 importante entender que com essa ferramenta o seu neg\u00f3cio ter\u00e1 um perfil mais atrativo, as pessoas v\u00e3o compartilhar mais seus conte\u00fados e voc\u00ea conquistar\u00e1 um maior alcance, com baixo investimento.<\/p>\n\n\n\n<p>&nbsp;&nbsp;&nbsp;&nbsp;&nbsp;&nbsp;&nbsp;&nbsp;&nbsp;&nbsp;&nbsp;&nbsp;&nbsp;&nbsp; Voc\u00ea entendeu tudinho, mas ainda tem dificuldade de criar estrat\u00e9gias para as suas m\u00eddias sociais ou n\u00e3o se sente confort\u00e1vel em utilizar ferramentas com o Reels? N\u00f3s oferecemos servi\u00e7os personalizados para te ajudar e acabar com esse bloqueio digital, que est\u00e1 segurando o sucesso do seu neg\u00f3cio. Clique aqui e fale com a gente!<\/p>\n","protected":false},"excerpt":{"rendered":"<p>Para come\u00e7ar a falar deste tema, eu te pergunto&#8230; voc\u00ea j\u00e1 se flagrou assistindo v\u00eddeos no celular por horas, sem nem perceber o tempo passar? Se sim, continue lendo esse artigo porque ele \u00e9 para voc\u00ea. Se n\u00e3o, leia tamb\u00e9m [&hellip;]<\/p>\n","protected":false},"author":1,"featured_media":1527,"comment_status":"open","ping_status":"open","sticky":false,"template":"","format":"standard","meta":[],"categories":[1],"tags":[],"_links":{"self":[{"href":"https:\/\/evcomunicacao.com.br\/blog\/wp-json\/wp\/v2\/posts\/1525"}],"collection":[{"href":"https:\/\/evcomunicacao.com.br\/blog\/wp-json\/wp\/v2\/posts"}],"about":[{"href":"https:\/\/evcomunicacao.com.br\/blog\/wp-json\/wp\/v2\/types\/post"}],"author":[{"embeddable":true,"href":"https:\/\/evcomunicacao.com.br\/blog\/wp-json\/wp\/v2\/users\/1"}],"replies":[{"embeddable":true,"href":"https:\/\/evcomunicacao.com.br\/blog\/wp-json\/wp\/v2\/comments?post=1525"}],"version-history":[{"count":2,"href":"https:\/\/evcomunicacao.com.br\/blog\/wp-json\/wp\/v2\/posts\/1525\/revisions"}],"predecessor-version":[{"id":1528,"href":"https:\/\/evcomunicacao.com.br\/blog\/wp-json\/wp\/v2\/posts\/1525\/revisions\/1528"}],"wp:featuredmedia":[{"embeddable":true,"href":"https:\/\/evcomunicacao.com.br\/blog\/wp-json\/wp\/v2\/media\/1527"}],"wp:attachment":[{"href":"https:\/\/evcomunicacao.com.br\/blog\/wp-json\/wp\/v2\/media?parent=1525"}],"wp:term":[{"taxonomy":"category","embeddable":true,"href":"https:\/\/evcomunicacao.com.br\/blog\/wp-json\/wp\/v2\/categories?post=1525"},{"taxonomy":"post_tag","embeddable":true,"href":"https:\/\/evcomunicacao.com.br\/blog\/wp-json\/wp\/v2\/tags?post=1525"}],"curies":[{"name":"wp","href":"https:\/\/api.w.org\/{rel}","templated":true}]}}