{"id":272,"date":"2015-11-03T13:13:22","date_gmt":"2015-11-03T13:13:22","guid":{"rendered":"http:\/\/evcomunicacao.com.br\/blog\/?p=272"},"modified":"2016-11-16T18:38:22","modified_gmt":"2016-11-16T18:38:22","slug":"conheca-seu-publico-alvo","status":"publish","type":"post","link":"http:\/\/evcomunicacao.com.br\/blog\/conheca-seu-publico-alvo\/","title":{"rendered":"Conhe\u00e7a seu p\u00fablico-alvo"},"content":{"rendered":"<p>Por muitas vezes voc\u00ea foi questionado sobre a seguinte situa\u00e7\u00e3o: Quem \u00e9 o p\u00fablico-alvo da sua empresa? Este questionamento vem \u00e0 tona quando voc\u00ea contrata consultores, assessores, provavelmente a cada reuni\u00e3o de planejamento, entre outras diversas situa\u00e7\u00f5es. Toda vez que voc\u00ea e sua equipe sentam para discutir o presente ou o futuro a pergunta vem \u2013 Quem \u00e9 ele? De que forma estarei chegando at\u00e9 ele?<\/p>\n<p>Hoje vamos falar um pouco sobre a import\u00e2ncia em identific\u00e1-lo, pois o sucesso ser\u00e1 ainda mais assertivo se voc\u00ea focar no p\u00fablico que lhe interessa. N\u00e3o vale a pena atirar para todos os lados, voc\u00ea s\u00f3 desperdi\u00e7ar\u00e1 tempo e receitas. Seja certeiro e acerte o alvo.<\/p>\n<p><img decoding=\"async\" loading=\"lazy\" class=\"wp-image-273 size-large aligncenter\" src=\"http:\/\/evcomunicacao.com.br\/blog\/wp-content\/uploads\/2015\/11\/cible-1024x658.jpg\" alt=\"cible\" width=\"640\" height=\"411\" \/><\/p>\n<p>Dicas para definir o seu p\u00fablico<\/p>\n<ul>\n<li>O primeiro passo \u00e9 definir quais informa\u00e7\u00f5es pretende saber. Fa\u00e7a perguntas, converse com o seu p\u00fablico atrav\u00e9s de e-mail, telefone, ferramentas online ou pessoalmente.<\/li>\n<li>Observe atentamente seus clientes e entenda suas necessidades ou desejos. Saiba o que oferecer e para quem oferecer. Conhe\u00e7a o seu cliente atual.<\/li>\n<li>Identifique dados demogr\u00e1ficos, desejos, dores, sonhos, medos e dificuldades.<\/li>\n<li>Use Facebook e demais m\u00eddias sociais, voc\u00ea consegue tirar informa\u00e7\u00f5es valiosas tendo como base o comportamento do p\u00fablico no mundo digital.<\/li>\n<\/ul>\n<p>Cruzando as informa\u00e7\u00f5es obtidas atrav\u00e9s dos dados coletados, fica mais f\u00e1cil delimitar um grupo espec\u00edfico para focar os esfor\u00e7os da empresa. Pesquise, organize a oferta, n\u00e3o confunda gostos pessoais com o gosto do cliente, defina uma estrat\u00e9gia de comunica\u00e7\u00e3o e observe a aceita\u00e7\u00e3o da sua marca no mercado. Falaremos mais sobre identificar o seu p\u00fablico no pr\u00f3ximo post de Branding, fique ligado!<\/p>\n<p><img decoding=\"async\" loading=\"lazy\" class=\"wp-image-275 aligncenter\" src=\"http:\/\/evcomunicacao.com.br\/blog\/wp-content\/uploads\/2015\/11\/static1.squarespace1.jpg\" alt=\"static1.squarespace\" width=\"640\" height=\"465\" srcset=\"https:\/\/evcomunicacao.com.br\/blog\/wp-content\/uploads\/2015\/11\/static1.squarespace1.jpg 1000w, https:\/\/evcomunicacao.com.br\/blog\/wp-content\/uploads\/2015\/11\/static1.squarespace1-300x218.jpg 300w, https:\/\/evcomunicacao.com.br\/blog\/wp-content\/uploads\/2015\/11\/static1.squarespace1-250x181.jpg 250w\" sizes=\"(max-width: 640px) 100vw, 640px\" \/><\/p>\n<h2>Pontos positivos em conhecer quem est\u00e1 do outro lado do balc\u00e3o<\/h2>\n<p>Conhecer seu cliente far\u00e1 com que a venda provavelmente aconte\u00e7a, uma vez que voc\u00ea conhece os desejos e necessidades da pessoa o RESULTADO conquistado ser\u00e1 totalmente poss\u00edvel. Se voc\u00ea faz um bom trabalho e atende as necessidades e desejos do seu cliente, a recompensa \u00e9 uma consequ\u00eancia natural. Aumenta as chances de engajamento com a sua marca, fortalecendo um trabalho de Branding (Gest\u00e3o da Marca).<\/p>\n<p>Portanto, um p\u00fablico-alvo bem definido \u00e9 determinante e servir\u00e1 como base para a cria\u00e7\u00e3o das suas estrat\u00e9gias de Branding e Marketing. N\u00e3o se iluda, se voc\u00ea n\u00e3o conhece o seu p\u00fablico-alvo, gastar\u00e1 mais e vender\u00e1 menos. Saber para quem a sua empresa ir\u00e1 vender poder\u00e1 ser determinante para seu sucesso, a curto, m\u00e9dio e longo prazo.<\/p>\n<p>&nbsp;<\/p>\n<h2>Saiba mais:<\/h2>\n<p><a href=\"http:\/\/conteudo.evcomunicacao.com.br\/canais-de-comunicacao-offline-online\" target=\"_blank\"><img decoding=\"async\" loading=\"lazy\" class=\"aligncenter wp-image-698 size-full\" src=\"http:\/\/evcomunicacao.com.br\/blog\/wp-content\/uploads\/2016\/11\/conteudos-ricos-para-textos-no-blog-3_ev_canaisagro.png\" alt=\"conteudos-ricos-para-textos-no-blog-3_ev_canaisagro\" width=\"715\" height=\"220\" srcset=\"https:\/\/evcomunicacao.com.br\/blog\/wp-content\/uploads\/2016\/11\/conteudos-ricos-para-textos-no-blog-3_ev_canaisagro.png 715w, https:\/\/evcomunicacao.com.br\/blog\/wp-content\/uploads\/2016\/11\/conteudos-ricos-para-textos-no-blog-3_ev_canaisagro-300x92.png 300w, https:\/\/evcomunicacao.com.br\/blog\/wp-content\/uploads\/2016\/11\/conteudos-ricos-para-textos-no-blog-3_ev_canaisagro-250x77.png 250w\" sizes=\"(max-width: 715px) 100vw, 715px\" \/><\/a><\/p>\n","protected":false},"excerpt":{"rendered":"<p>Por muitas vezes voc\u00ea foi questionado sobre a seguinte situa\u00e7\u00e3o: Quem \u00e9 o p\u00fablico-alvo da sua empresa? Este questionamento vem \u00e0 tona quando voc\u00ea contrata consultores, assessores, provavelmente a cada reuni\u00e3o de planejamento, entre outras diversas situa\u00e7\u00f5es. Toda vez que [&hellip;]<\/p>\n","protected":false},"author":1,"featured_media":276,"comment_status":"open","ping_status":"open","sticky":false,"template":"","format":"standard","meta":[],"categories":[5],"tags":[19,45,34,33,77,36,29,23],"_links":{"self":[{"href":"https:\/\/evcomunicacao.com.br\/blog\/wp-json\/wp\/v2\/posts\/272"}],"collection":[{"href":"https:\/\/evcomunicacao.com.br\/blog\/wp-json\/wp\/v2\/posts"}],"about":[{"href":"https:\/\/evcomunicacao.com.br\/blog\/wp-json\/wp\/v2\/types\/post"}],"author":[{"embeddable":true,"href":"https:\/\/evcomunicacao.com.br\/blog\/wp-json\/wp\/v2\/users\/1"}],"replies":[{"embeddable":true,"href":"https:\/\/evcomunicacao.com.br\/blog\/wp-json\/wp\/v2\/comments?post=272"}],"version-history":[{"count":3,"href":"https:\/\/evcomunicacao.com.br\/blog\/wp-json\/wp\/v2\/posts\/272\/revisions"}],"predecessor-version":[{"id":770,"href":"https:\/\/evcomunicacao.com.br\/blog\/wp-json\/wp\/v2\/posts\/272\/revisions\/770"}],"wp:featuredmedia":[{"embeddable":true,"href":"https:\/\/evcomunicacao.com.br\/blog\/wp-json\/wp\/v2\/media\/276"}],"wp:attachment":[{"href":"https:\/\/evcomunicacao.com.br\/blog\/wp-json\/wp\/v2\/media?parent=272"}],"wp:term":[{"taxonomy":"category","embeddable":true,"href":"https:\/\/evcomunicacao.com.br\/blog\/wp-json\/wp\/v2\/categories?post=272"},{"taxonomy":"post_tag","embeddable":true,"href":"https:\/\/evcomunicacao.com.br\/blog\/wp-json\/wp\/v2\/tags?post=272"}],"curies":[{"name":"wp","href":"https:\/\/api.w.org\/{rel}","templated":true}]}}